{"id":395,"date":"2025-11-01T13:57:00","date_gmt":"2025-11-01T17:57:00","guid":{"rendered":"https:\/\/laboraoriorbat.cl\/?p=395"},"modified":"2025-11-04T15:13:46","modified_gmt":"2025-11-04T19:13:46","slug":"polonia-de-elgar","status":"publish","type":"post","link":"https:\/\/laboraoriorbat.cl\/?p=395","title":{"rendered":"Polonia de Elgar"},"content":{"rendered":"\n<p class=\"wp-block-paragraph\">A comienzos de 1915, la Europa de la Primera Guerra Mundial se desangraba en m\u00faltiples frentes. En ese contexto de convulsi\u00f3n, el compositor ingl\u00e9s Edward Elgar \u2014ya reconocido por grandes obras como su <em>Concierto para viol\u00edn<\/em> o sus sinfon\u00edas\u2014 fue convocado a una misi\u00f3n poco habitual: rendir musical homenaje al sufrimiento y las aspiraciones de una naci\u00f3n que hab\u00eda sido desmembrada. Fue el director y compositor polaco Emil M\u0142ynarski quien, el 13 de abril de 1915, visit\u00f3 a Elgar en Londres para plantear la petici\u00f3n: que crease una obra dedicada a la causa de los polacos, an\u00e1loga a su reciente tributo a B\u00e9lgica con <em>Carillon<\/em>. <\/p>\n\n\n\n<p class=\"wp-block-paragraph\">La obra deb\u00eda ser estrenada en un concierto de beneficencia \u2014el Polish Victims\u2019 Relief Fund Concert en la Queen\u2019s Hall de Londres\u2014 destinado a auxiliar a los refugiados polacos atrapados entre los ej\u00e9rcitos ruso y alem\u00e1n. <a href=\"https:\/\/www.elgar.org\/3polonia.htm?utm_source=chatgpt.com\" target=\"_blank\" rel=\"noreferrer noopener\">elgar.org+1<\/a> En apenas dos meses Elgar cumpli\u00f3 el encargo: escribi\u00f3 una composici\u00f3n que \u00e9l denomin\u00f3 \u201cpreludio sinf\u00f3nico\u201d, y que recibi\u00f3 el n\u00famero de opus 76. <\/p>\n\n\n\n<p class=\"wp-block-paragraph\">As\u00ed, Polonia no nace s\u00f3lo de la inspiraci\u00f3n art\u00edstica, sino de la urgencia hist\u00f3rica: una partitura que, por un lado, celebra la resiliencia de un pueblo sin estado; por otro, muestra a Elgar sorprendido ante una causa ajena \u2013y adoptada.<\/p>\n\n\n\n<p class=\"wp-block-paragraph\"><strong>Un pueblo sin bandera\u2026 y una bandera que lo resume todo<\/strong><br>En 1915 los polacos a\u00fan no ten\u00edan en su tierra un estado independiente: su territorio estaba dividido \u2014desde hac\u00eda m\u00e1s de un siglo\u2014 entre el Imperio Ruso, el Imperio Austro-H\u00fangaro y el Estado prusiano (m\u00e1s tarde alem\u00e1n). Esa fragmentaci\u00f3n era una realidad cotidiana, un trauma colectivo constante. Esa ausencia de \u201csuelo donde izar la bandera\u201d acumul\u00f3 en el alma polaca una memoria de p\u00e9rdida, resistencia y esperanza. (Tu texto lo se\u00f1ala muy bien.) Pero vale la pena a\u00f1adir: tras siglos de particiones desde 1795, la identidad polaca se sostuvo muchas veces por la cultura, la lengua, la m\u00fasica y los himnos \u2014 no por el mapa.<\/p>\n\n\n\n<p class=\"wp-block-paragraph\">En ese clima, M\u0142ynarski y otros activistas polacos vieron en Elgar un aliado inesperado: un compositor ingl\u00e9s que, pese a no pertenecer al mundo eslavo, comprend\u00eda que la m\u00fasica puede ponerse de lado del oprimido. El concierto de ayuda polaca, con pa\u00f1uelos blancos y rojos \u2014los colores nacionales\u2014 atados a los programas, fue tambi\u00e9n un gesto simb\u00f3lico: la cultura y la compasi\u00f3n combinadas. <\/p>\n\n\n\n<p class=\"wp-block-paragraph\"><strong>El tono de Elgar: nobleza, citas y el esp\u00edritu polaco<\/strong><br>Si uno escucha Polonia, detecta dos planos simult\u00e1neos: el plano de Elgar, con su propio tema \u201cnobilmente\u201d (una nobleza casi caballeresca), y el plano de la naci\u00f3n polaca: himnos, canciones revolucionarias, danzas, el murmullo de un pueblo que no se rinde. <\/p>\n\n\n\n<p class=\"wp-block-paragraph\">La orquestaci\u00f3n es ambiciosa: cuerdas, maderas, metales, dos arpas, \u00f3rgano\u2026 Elgar no escatima medios porque el momento lo exige. <a href=\"https:\/\/www.elgar.org\/3polonia.htm?utm_source=chatgpt.com\" target=\"_blank\" rel=\"noreferrer noopener\">elgar.org<\/a><\/p>\n\n\n\n<p class=\"wp-block-paragraph\"><strong>La estructura y el efecto emocional<\/strong><br>Desde los primeros compases, con fagotes y clarinete que alzan un motivo tomado de la Warszawianka, la obra nos sumerge en la tensi\u00f3n de un pueblo que alza la bandera. Luego aparece el tema de Elgar, amplio, sereno, como la promesa de un ma\u00f1ana posible. M\u00e1s adelante, la danza \u2013la mazurca, la fiebre de la tierra\u2013 estalla, y el solo de viol\u00edn canta el nocturno de Chopin: es la nostalgia, es el recuerdo, es la herida que sigue abierta. Al final, la cita del himno nacional emerge con solemnidad, y la conclusi\u00f3n es un cl\u00edmax que mezcla victoria, lamento y exaltaci\u00f3n.<\/p>\n\n\n\n<p class=\"wp-block-paragraph\">Una escucha detenida revela que no se trata de un simple popurr\u00ed de melod\u00edas \u2014como algunos cr\u00edticos apresuradamente han dicho\u2014 sino de una fantas\u00eda sinf\u00f3nica compacta, llena de alma, que combina el estilo propio de Elgar con la vibraci\u00f3n de lo polaco. <\/p>\n\n\n\n<p class=\"wp-block-paragraph\"><strong>El contexto hist\u00f3rico: \u00bfqu\u00e9 era \u201cPolonia\u201d en ese momento?<\/strong><br>Cuando Elgar escribi\u00f3 Polonia, la palabra \u201cPolonia\u201d era m\u00e1s un ideal que un hecho territorial. Las potencias (Rusia, Prusia\/Alemania, Austria-Hungr\u00eda) hab\u00edan dividido el territorio polaco desde finales del siglo XVIII. Durante la Primera Guerra Mundial, gran parte de la zona polaca se convirti\u00f3 en teatro de operaciones, campo de batalla, zona de refugiados, de dur\u00edsimas p\u00e9rdidas. <\/p>\n\n\n\n<p class=\"wp-block-paragraph\">As\u00ed, esta obra no solamente celebra a un Estado libre (porque ese a\u00fan no exist\u00eda) sino que act\u00faa como un faro: \u201ca\u00fan existimos\u201d, \u201ca\u00fan cantamos\u201d, \u201ca\u00fan tenemos alma\u201d. La dedicaci\u00f3n a Paderewski lo subraya: este hombre no solo era m\u00fasico, sino tambi\u00e9n un pol\u00edtico comprometido con la independencia polaca. La m\u00fasica, pues, se transforma en instrumento de propaganda moral, de esperanza.<\/p>\n\n\n\n<p class=\"wp-block-paragraph\">Por eso la partitura cobra un valor extra: no s\u00f3lo art\u00edstico, sino simb\u00f3lico. Y aunque \u201cPolonia\u201d no logr\u00f3 el \u00e9xito masivo de <em>Carillon<\/em>, cumple su cometido con dignidad.<\/p>\n","protected":false},"excerpt":{"rendered":"<p>A comienzos de 1915, la Europa de la Primera Guerra Mundial se desangraba en m\u00faltiples frentes. En ese contexto de convulsi\u00f3n, el compositor ingl\u00e9s Edward Elgar \u2014ya reconocido por grandes obras como su Concierto para viol\u00edn o sus sinfon\u00edas\u2014 fue convocado a una misi\u00f3n poco habitual: rendir musical homenaje al sufrimiento y las aspiraciones de [&hellip;]<\/p>\n","protected":false},"author":1,"featured_media":422,"comment_status":"open","ping_status":"open","sticky":false,"template":"","format":"standard","meta":{"footnotes":""},"categories":[18,17],"tags":[73,74],"class_list":["post-395","post","type-post","status-publish","format-standard","has-post-thumbnail","hentry","category-clasica","category-musica","tag-elgar","tag-polonia"],"_links":{"self":[{"href":"https:\/\/laboraoriorbat.cl\/index.php?rest_route=\/wp\/v2\/posts\/395","targetHints":{"allow":["GET"]}}],"collection":[{"href":"https:\/\/laboraoriorbat.cl\/index.php?rest_route=\/wp\/v2\/posts"}],"about":[{"href":"https:\/\/laboraoriorbat.cl\/index.php?rest_route=\/wp\/v2\/types\/post"}],"author":[{"embeddable":true,"href":"https:\/\/laboraoriorbat.cl\/index.php?rest_route=\/wp\/v2\/users\/1"}],"replies":[{"embeddable":true,"href":"https:\/\/laboraoriorbat.cl\/index.php?rest_route=%2Fwp%2Fv2%2Fcomments&post=395"}],"version-history":[{"count":2,"href":"https:\/\/laboraoriorbat.cl\/index.php?rest_route=\/wp\/v2\/posts\/395\/revisions"}],"predecessor-version":[{"id":421,"href":"https:\/\/laboraoriorbat.cl\/index.php?rest_route=\/wp\/v2\/posts\/395\/revisions\/421"}],"wp:featuredmedia":[{"embeddable":true,"href":"https:\/\/laboraoriorbat.cl\/index.php?rest_route=\/wp\/v2\/media\/422"}],"wp:attachment":[{"href":"https:\/\/laboraoriorbat.cl\/index.php?rest_route=%2Fwp%2Fv2%2Fmedia&parent=395"}],"wp:term":[{"taxonomy":"category","embeddable":true,"href":"https:\/\/laboraoriorbat.cl\/index.php?rest_route=%2Fwp%2Fv2%2Fcategories&post=395"},{"taxonomy":"post_tag","embeddable":true,"href":"https:\/\/laboraoriorbat.cl\/index.php?rest_route=%2Fwp%2Fv2%2Ftags&post=395"}],"curies":[{"name":"wp","href":"https:\/\/api.w.org\/{rel}","templated":true}]}}